{"id":833,"date":"2022-06-26T08:42:00","date_gmt":"2022-06-26T08:42:00","guid":{"rendered":"http:\/\/www.wirsindbergstrasse.de\/?p=833"},"modified":"2022-11-10T08:44:34","modified_gmt":"2022-11-10T08:44:34","slug":"wsb-war-mit-am-start-bei-der-tour-de-montana","status":"publish","type":"post","link":"https:\/\/www.wirsindbergstrasse.de\/?p=833","title":{"rendered":"WSB war mit am Start bei der Tour de Montana"},"content":{"rendered":"\n<p>WSB war am Start!!! Gestern sind f\u00fcr die Tour de Montana geradelt f\u00fcr krebskranke Kids- Toll organisiert und ein riesen Spa\u00df f\u00fcr uns alle! Liebe &#8222;Tour der Hoffnung- Team Bensheim &#8220; herzlichen Dank f\u00fcr eine mega Organisation und dieses klasse Event! See you next year!!!!!!! Wir sind auch n\u00e4chstes Jahr wieder dabei!<\/p>\n\n\n\n<figure class=\"wp-block-gallery has-nested-images columns-default is-cropped\">\n<figure class=\"wp-block-image size-large\"><img loading=\"lazy\" width=\"200\" height=\"200\" data-id=\"834\"  src=\"http:\/\/www.wirsindbergstrasse.de\/wp-content\/uploads\/2022\/11\/Bild_2022-11-10_094313001-200x200.png\" alt=\"\" class=\"wp-image-834\" srcset=\"https:\/\/www.wirsindbergstrasse.de\/wp-content\/uploads\/2022\/11\/Bild_2022-11-10_094313001-200x200.png 200w, https:\/\/www.wirsindbergstrasse.de\/wp-content\/uploads\/2022\/11\/Bild_2022-11-10_094313001-150x150.png 150w, https:\/\/www.wirsindbergstrasse.de\/wp-content\/uploads\/2022\/11\/Bild_2022-11-10_094313001-50x50.png 50w, https:\/\/www.wirsindbergstrasse.de\/wp-content\/uploads\/2022\/11\/Bild_2022-11-10_094313001-768x768.png 768w, https:\/\/www.wirsindbergstrasse.de\/wp-content\/uploads\/2022\/11\/Bild_2022-11-10_094313001.png 960w\" sizes=\"(max-width: 200px) 100vw, 200px\" \/><\/figure>\n\n\n\n<figure class=\"wp-block-image size-large\"><img loading=\"lazy\" width=\"200\" height=\"200\" data-id=\"835\"  src=\"http:\/\/www.wirsindbergstrasse.de\/wp-content\/uploads\/2022\/11\/Bild_2022-11-10_094329939-200x200.png\" alt=\"\" class=\"wp-image-835\" srcset=\"https:\/\/www.wirsindbergstrasse.de\/wp-content\/uploads\/2022\/11\/Bild_2022-11-10_094329939-200x200.png 200w, https:\/\/www.wirsindbergstrasse.de\/wp-content\/uploads\/2022\/11\/Bild_2022-11-10_094329939-150x150.png 150w, https:\/\/www.wirsindbergstrasse.de\/wp-content\/uploads\/2022\/11\/Bild_2022-11-10_094329939-50x50.png 50w, https:\/\/www.wirsindbergstrasse.de\/wp-content\/uploads\/2022\/11\/Bild_2022-11-10_094329939-768x768.png 768w, https:\/\/www.wirsindbergstrasse.de\/wp-content\/uploads\/2022\/11\/Bild_2022-11-10_094329939-1536x1536.png 1536w, https:\/\/www.wirsindbergstrasse.de\/wp-content\/uploads\/2022\/11\/Bild_2022-11-10_094329939.png 1564w\" sizes=\"(max-width: 200px) 100vw, 200px\" \/><\/figure>\n\n\n\n<figure class=\"wp-block-image size-large\"><img loading=\"lazy\" width=\"200\" height=\"200\" data-id=\"836\"  src=\"http:\/\/www.wirsindbergstrasse.de\/wp-content\/uploads\/2022\/11\/Bild_2022-11-10_094352254-200x200.png\" alt=\"\" class=\"wp-image-836\" srcset=\"https:\/\/www.wirsindbergstrasse.de\/wp-content\/uploads\/2022\/11\/Bild_2022-11-10_094352254-200x200.png 200w, https:\/\/www.wirsindbergstrasse.de\/wp-content\/uploads\/2022\/11\/Bild_2022-11-10_094352254-150x150.png 150w, https:\/\/www.wirsindbergstrasse.de\/wp-content\/uploads\/2022\/11\/Bild_2022-11-10_094352254-50x50.png 50w, https:\/\/www.wirsindbergstrasse.de\/wp-content\/uploads\/2022\/11\/Bild_2022-11-10_094352254.png 600w\" sizes=\"(max-width: 200px) 100vw, 200px\" \/><\/figure>\n<\/figure>\n","protected":false},"excerpt":{"rendered":"<p>WSB war am Start!!! Gestern sind f\u00fcr die Tour de Montana geradelt f\u00fcr krebskranke Kids- Toll organisiert und ein riesen Spa\u00df f\u00fcr uns alle! Liebe &#8222;Tour der Hoffnung- Team Bensheim &#8220; herzlichen Dank f\u00fcr eine mega Organisation und dieses klasse Event! See you next year!!!!!!! Wir sind auch n\u00e4chstes Jahr wieder dabei!<\/p>\n","protected":false},"author":1,"featured_media":0,"comment_status":"open","ping_status":"open","sticky":false,"template":"","format":"standard","meta":[],"categories":[18,13],"tags":[],"_links":{"self":[{"href":"https:\/\/www.wirsindbergstrasse.de\/index.php?rest_route=\/wp\/v2\/posts\/833"}],"collection":[{"href":"https:\/\/www.wirsindbergstrasse.de\/index.php?rest_route=\/wp\/v2\/posts"}],"about":[{"href":"https:\/\/www.wirsindbergstrasse.de\/index.php?rest_route=\/wp\/v2\/types\/post"}],"author":[{"embeddable":true,"href":"https:\/\/www.wirsindbergstrasse.de\/index.php?rest_route=\/wp\/v2\/users\/1"}],"replies":[{"embeddable":true,"href":"https:\/\/www.wirsindbergstrasse.de\/index.php?rest_route=%2Fwp%2Fv2%2Fcomments&post=833"}],"version-history":[{"count":1,"href":"https:\/\/www.wirsindbergstrasse.de\/index.php?rest_route=\/wp\/v2\/posts\/833\/revisions"}],"predecessor-version":[{"id":837,"href":"https:\/\/www.wirsindbergstrasse.de\/index.php?rest_route=\/wp\/v2\/posts\/833\/revisions\/837"}],"wp:attachment":[{"href":"https:\/\/www.wirsindbergstrasse.de\/index.php?rest_route=%2Fwp%2Fv2%2Fmedia&parent=833"}],"wp:term":[{"taxonomy":"category","embeddable":true,"href":"https:\/\/www.wirsindbergstrasse.de\/index.php?rest_route=%2Fwp%2Fv2%2Fcategories&post=833"},{"taxonomy":"post_tag","embeddable":true,"href":"https:\/\/www.wirsindbergstrasse.de\/index.php?rest_route=%2Fwp%2Fv2%2Ftags&post=833"}],"curies":[{"name":"wp","href":"https:\/\/api.w.org\/{rel}","templated":true}]}}